{"id":344,"date":"2019-01-27T12:05:24","date_gmt":"2019-01-27T11:05:24","guid":{"rendered":"http:\/\/nugaeteatrali.it\/?p=344"},"modified":"2019-02-03T12:19:54","modified_gmt":"2019-02-03T11:19:54","slug":"maserada-sul-palco-02-febbraio-queo-che-resta-dei-sette-nani","status":"publish","type":"post","link":"https:\/\/nugaeteatrali.it\/?p=344","title":{"rendered":"Maserada sul Palco! 02 FEBBRAIO: \u201cQueo che resta dei sette nani\u201d"},"content":{"rendered":"\n<h3 class=\"wp-block-heading\" style=\"text-align:center\" id=\"mce_0\">TERZO SPETTACOLO DELLA RASSEGNA<br><a href=\"https:\/\/www.facebook.com\/hashtag\/maseradasulpalco?source=feed_text&amp;epa=HASHTAG&amp;__xts__%5B0%5D=68.ARACSSSEQLHZFxBKBfL_1Muj9oO20RFyifgX_b3lJ8WrevvImsoluvgLkPPsiwYc5J6mZ0oyR9UQ5AHQvh4Yrmc3AdJOr6Sq7IRkXNba2mWVbkgmQXYZGJK8FmN3b4vRYpSBLRy-Mz_XTZWAwuuR-R_FKZdhf5M_IFeY7OsFksAhBT_9rAhHPGpWUWh1EyIydAemLNxFm4kLIZLwt5YEMO21dVOhLDblAU2x2Gid6a9CXDuV61TAtpAJD9yU_lWyj7SSQGvUpOuK6R-6_VdfAA&amp;__tn__=%2ANK-R\">#MASERADASULPALCO<\/a>&nbsp;2019<\/h3>\n\n\n\n<h3 class=\"wp-block-heading\" style=\"text-align:center\">per prenotazioni: 3405797086 \u2013&nbsp;<br>fb.me\/auditoriumaserada \u2013 info@nugaeteatrali.it<\/h3>\n\n\n\n<h2 class=\"wp-block-heading\" style=\"text-align:center\">Compagnia&nbsp;<a href=\"https:\/\/www.facebook.com\/asolo.teatro.3\/?__tn__=K-R&amp;eid=ARB898iKkE4KQRRS6egVizpFL5Q4qkOuPJ8EU3nVYNYT-bSXGG-UD4WUlwj4ALLUlw4jWno-1GkbeFg7&amp;fref=mentions&amp;__xts__%5B0%5D=68.ARALepscx8f32LXaTucXh296Gp9yEufbwyXur0PIFf3G94voArDkorrX45y5DbODKjJ8qg7RvbxRJ-cKNbp96yoIe7O-2oooYjmXh__CEsjS5Zftdv6ZMOoJTe8cjqWbS0gEfiBBsFQxoq8ttA4u1sBU561wPa2cmdgz8FlcRySlzrL_WxF_skae_O91mFiUg4v4PRoVXwqT1tt21LDvynxiuQWbemAokzgU-nvn6SfCoASNtE5aj5XFPsCFb6g6CB717rCPFDSZj7HNzMf-v6nB6K5lXIU3XHMDduV_eGzBvCbE35mIKsYumZ0OHGGS5hBYBET1qZy3WYRbvA6wjGUEcw\">Asolo Teatro<\/a>&nbsp;<br>\u201cQueo che resta dei sette nani\u201d di Massimo Valori.<\/h2>\n\n\n\n<p>Nemmeno il sig. Carlo, figlio di contadini, poteva immaginare che aprire un agriturismo, per appoggiare la moglie Andreina, volesse dire rinunciare definitivamente a quel meraviglioso mondo ricevuto in eredit\u00e0 dalla sua famiglia. Ora, tutto ci\u00f2 che gli rimane sono i suoi &#8220;sette nani&#8221;, piccole creature del &#8220;boschetto&#8221; che popolano la sua fantasia e la sua casa e che si animano via via con sempre minor forza scandendo inesorabilmente, con l&#8217;arrivo degli ospiti nell&#8217;agriturismo, il lento e progressivo distacco dalla vita semplice e spontanea, verso le complicazioni e le assurdit\u00e0 delle moderne incomprensioni. Gli avventori che si alterneranno, ci immergono nella comicit\u00e0 delle loro manie e delle loro stravaganti personalit\u00e0. La sana voglia di ridere e di divertirsi mantiene sempre attivo il risvolto positivo di ogni vicenda e colora allegramente tutta la vicenda.<br><\/p>\n\n\n\n<p>Biglietto prezzo unico \u20ac 7<br>Gratuito fino ai 10 anni&nbsp;<br>Abbonamento per 3 serate a scelta \u20ac 18&nbsp;<br><\/p>\n\n\n\n<p>POSTI LIMITATI a 240<br>Apertura biglietteria ore 20:00<br>Inizio spettacoli ore 21:00<\/p>\n\n\n\n<p>DISPONIBILE AMPIO PARCHEGGIO DIETRO LA CHIESA DI MASERADA<br>A FINE SERATA \u201cRINFRESCO AL FRESCO\u201d<\/p>\n","protected":false},"excerpt":{"rendered":"<p>TERZO SPETTACOLO DELLA RASSEGNA#MASERADASULPALCO&nbsp;2019 per prenotazioni: 3405797086 \u2013&nbsp;fb.me\/auditoriumaserada \u2013 info@nugaeteatrali.it Compagnia&nbsp;Asolo Teatro&nbsp;\u201cQueo che resta dei sette nani\u201d di Massimo Valori. Nemmeno il sig. Carlo, figlio di contadini, poteva immaginare che aprire un agriturismo, per appoggiare &hellip;<\/p>\n","protected":false},"author":1,"featured_media":347,"comment_status":"closed","ping_status":"closed","sticky":false,"template":"","format":"standard","meta":{"_exactmetrics_skip_tracking":false,"_exactmetrics_sitenote_active":false,"_exactmetrics_sitenote_note":"","_exactmetrics_sitenote_category":0,"jetpack_post_was_ever_published":false,"_jetpack_newsletter_access":"","_jetpack_dont_email_post_to_subs":false,"_jetpack_newsletter_tier_id":0,"_jetpack_memberships_contains_paywalled_content":false,"_jetpack_memberships_contains_paid_content":false,"footnotes":"","jetpack_publicize_message":"","jetpack_publicize_feature_enabled":true,"jetpack_social_post_already_shared":true,"jetpack_social_options":{"image_generator_settings":{"template":"highway","default_image_id":0,"font":"","enabled":false},"version":2}},"categories":[5],"tags":[],"class_list":["post-344","post","type-post","status-publish","format-standard","has-post-thumbnail","hentry","category-news"],"jetpack_publicize_connections":[],"jetpack_featured_media_url":"https:\/\/nugaeteatrali.it\/wp-content\/uploads\/2019\/01\/naniweb2.jpg","jetpack_sharing_enabled":true,"jetpack_shortlink":"https:\/\/wp.me\/p9BOKT-5y","_links":{"self":[{"href":"https:\/\/nugaeteatrali.it\/index.php?rest_route=\/wp\/v2\/posts\/344","targetHints":{"allow":["GET"]}}],"collection":[{"href":"https:\/\/nugaeteatrali.it\/index.php?rest_route=\/wp\/v2\/posts"}],"about":[{"href":"https:\/\/nugaeteatrali.it\/index.php?rest_route=\/wp\/v2\/types\/post"}],"author":[{"embeddable":true,"href":"https:\/\/nugaeteatrali.it\/index.php?rest_route=\/wp\/v2\/users\/1"}],"replies":[{"embeddable":true,"href":"https:\/\/nugaeteatrali.it\/index.php?rest_route=%2Fwp%2Fv2%2Fcomments&post=344"}],"version-history":[{"count":2,"href":"https:\/\/nugaeteatrali.it\/index.php?rest_route=\/wp\/v2\/posts\/344\/revisions"}],"predecessor-version":[{"id":356,"href":"https:\/\/nugaeteatrali.it\/index.php?rest_route=\/wp\/v2\/posts\/344\/revisions\/356"}],"wp:featuredmedia":[{"embeddable":true,"href":"https:\/\/nugaeteatrali.it\/index.php?rest_route=\/wp\/v2\/media\/347"}],"wp:attachment":[{"href":"https:\/\/nugaeteatrali.it\/index.php?rest_route=%2Fwp%2Fv2%2Fmedia&parent=344"}],"wp:term":[{"taxonomy":"category","embeddable":true,"href":"https:\/\/nugaeteatrali.it\/index.php?rest_route=%2Fwp%2Fv2%2Fcategories&post=344"},{"taxonomy":"post_tag","embeddable":true,"href":"https:\/\/nugaeteatrali.it\/index.php?rest_route=%2Fwp%2Fv2%2Ftags&post=344"}],"curies":[{"name":"wp","href":"https:\/\/api.w.org\/{rel}","templated":true}]}}