{"id":367,"date":"2019-02-17T11:23:28","date_gmt":"2019-02-17T10:23:28","guid":{"rendered":"http:\/\/nugaeteatrali.it\/?p=367"},"modified":"2019-02-17T11:23:35","modified_gmt":"2019-02-17T10:23:35","slug":"maserada-sul-palco-23-febbraio-don-camillo-ultimo-spettacolo","status":"publish","type":"post","link":"https:\/\/nugaeteatrali.it\/?p=367","title":{"rendered":"Maserada sul Palco! 23 febbraio &#8220;DON CAMILLO&#8221; ULTIMO SPETTACOLO!!!"},"content":{"rendered":"\n<h3 class=\"wp-block-heading\" style=\"text-align:center\" id=\"mce_0\"><a href=\"https:\/\/www.facebook.com\/hashtag\/maseradasulpalco?source=feed_text&amp;epa=HASHTAG&amp;__xts__%5B0%5D=68.ARACSSSEQLHZFxBKBfL_1Muj9oO20RFyifgX_b3lJ8WrevvImsoluvgLkPPsiwYc5J6mZ0oyR9UQ5AHQvh4Yrmc3AdJOr6Sq7IRkXNba2mWVbkgmQXYZGJK8FmN3b4vRYpSBLRy-Mz_XTZWAwuuR-R_FKZdhf5M_IFeY7OsFksAhBT_9rAhHPGpWUWh1EyIydAemLNxFm4kLIZLwt5YEMO21dVOhLDblAU2x2Gid6a9CXDuV61TAtpAJD9yU_lWyj7SSQGvUpOuK6R-6_VdfAA&amp;__tn__=%2ANK-R\">#MASERADASULPALCO<\/a>\u00a02019<\/h3>\n\n\n\n<h2 class=\"wp-block-heading\" style=\"text-align:center\">TEATRO CHE PAZZIA presenta<\/h2>\n\n\n\n<h2 class=\"wp-block-heading\" style=\"text-align:center\">&#8220;DON CAMILLO&#8221;<\/h2>\n\n\n\n<h3 class=\"wp-block-heading\" style=\"text-align:center\">per prenotazioni: 3405797086 \u2013\u00a0<br>fb.me\/auditoriumaserada \u2013 info@nugaeteatrali.it<\/h3>\n\n\n\n<p>Siamo alle solite con il parroco di Brescello Don Camillo e il burbero sindaco della medesima cittadina, Peppone, o meglio, Giuseppe Bottazzi.<br>\nSembra che alle elezioni i rossi abbiano avuto la meglio, ma questo non significa che ora, a comandare siano loro, infatti Don Camillo non render\u00e0 loro facile l&#8217;incarico in comune, fortunatamente c&#8217;\u00e8 sempre il Cristo dell&#8217;altar maggiore ad intervenire per placare il rovente animo di Don Camillo, prima che combini troppi guai\u2026<br>\nPer\u00f2, questa volta, la situazione \u00e8 sfuggita un tantino di mano al buon don Camillo, il vescovo della diocesi \u00e8 venuto a sapere certe informazioni\u2026 da fonti &#8220;anonime&#8221;\u2026 che metteranno in discussione la permanenza del nostro amato parroco. Certo, lui non si perder\u00e0 d&#8217;animo, far\u00e0 di tutto per lottare contro Peppone e far riparare la pericolante torre campanaria della chiesa\u2026<\/p>\n","protected":false},"excerpt":{"rendered":"<p>#MASERADASULPALCO\u00a02019 TEATRO CHE PAZZIA presenta &#8220;DON CAMILLO&#8221; per prenotazioni: 3405797086 \u2013\u00a0fb.me\/auditoriumaserada \u2013 info@nugaeteatrali.it Siamo alle solite con il parroco di Brescello Don Camillo e il burbero sindaco della medesima cittadina, Peppone, o meglio, Giuseppe Bottazzi. &hellip;<\/p>\n","protected":false},"author":1,"featured_media":368,"comment_status":"closed","ping_status":"closed","sticky":false,"template":"","format":"standard","meta":{"_exactmetrics_skip_tracking":false,"_exactmetrics_sitenote_active":false,"_exactmetrics_sitenote_note":"","_exactmetrics_sitenote_category":0,"jetpack_post_was_ever_published":false,"_jetpack_newsletter_access":"","_jetpack_dont_email_post_to_subs":false,"_jetpack_newsletter_tier_id":0,"_jetpack_memberships_contains_paywalled_content":false,"_jetpack_memberships_contains_paid_content":false,"footnotes":"","jetpack_publicize_message":"","jetpack_publicize_feature_enabled":true,"jetpack_social_post_already_shared":true,"jetpack_social_options":{"image_generator_settings":{"template":"highway","default_image_id":0,"font":"","enabled":false},"version":2}},"categories":[5],"tags":[],"class_list":["post-367","post","type-post","status-publish","format-standard","has-post-thumbnail","hentry","category-news"],"jetpack_publicize_connections":[],"jetpack_featured_media_url":"https:\/\/nugaeteatrali.it\/wp-content\/uploads\/2019\/02\/don_camillo_nuova_versioneweb.jpg","jetpack_sharing_enabled":true,"jetpack_shortlink":"https:\/\/wp.me\/p9BOKT-5V","_links":{"self":[{"href":"https:\/\/nugaeteatrali.it\/index.php?rest_route=\/wp\/v2\/posts\/367","targetHints":{"allow":["GET"]}}],"collection":[{"href":"https:\/\/nugaeteatrali.it\/index.php?rest_route=\/wp\/v2\/posts"}],"about":[{"href":"https:\/\/nugaeteatrali.it\/index.php?rest_route=\/wp\/v2\/types\/post"}],"author":[{"embeddable":true,"href":"https:\/\/nugaeteatrali.it\/index.php?rest_route=\/wp\/v2\/users\/1"}],"replies":[{"embeddable":true,"href":"https:\/\/nugaeteatrali.it\/index.php?rest_route=%2Fwp%2Fv2%2Fcomments&post=367"}],"version-history":[{"count":1,"href":"https:\/\/nugaeteatrali.it\/index.php?rest_route=\/wp\/v2\/posts\/367\/revisions"}],"predecessor-version":[{"id":369,"href":"https:\/\/nugaeteatrali.it\/index.php?rest_route=\/wp\/v2\/posts\/367\/revisions\/369"}],"wp:featuredmedia":[{"embeddable":true,"href":"https:\/\/nugaeteatrali.it\/index.php?rest_route=\/wp\/v2\/media\/368"}],"wp:attachment":[{"href":"https:\/\/nugaeteatrali.it\/index.php?rest_route=%2Fwp%2Fv2%2Fmedia&parent=367"}],"wp:term":[{"taxonomy":"category","embeddable":true,"href":"https:\/\/nugaeteatrali.it\/index.php?rest_route=%2Fwp%2Fv2%2Fcategories&post=367"},{"taxonomy":"post_tag","embeddable":true,"href":"https:\/\/nugaeteatrali.it\/index.php?rest_route=%2Fwp%2Fv2%2Ftags&post=367"}],"curies":[{"name":"wp","href":"https:\/\/api.w.org\/{rel}","templated":true}]}}