{"id":380,"date":"2019-03-05T20:21:40","date_gmt":"2019-03-05T19:21:40","guid":{"rendered":"http:\/\/nugaeteatrali.it\/?p=380"},"modified":"2019-03-05T20:33:44","modified_gmt":"2019-03-05T19:33:44","slug":"al-via-miane-sul-palco-con-otto-donne","status":"publish","type":"post","link":"https:\/\/nugaeteatrali.it\/?p=380","title":{"rendered":"Al via MIANE SUL PALCO con OTTO DONNE!"},"content":{"rendered":"\n<h2 class=\"wp-block-heading\" style=\"text-align:center\"><a href=\"https:\/\/www.facebook.com\/hashtag\/maseradasulpalco?source=feed_text&amp;epa=HASHTAG&amp;__xts__%5B0%5D=68.ARACSSSEQLHZFxBKBfL_1Muj9oO20RFyifgX_b3lJ8WrevvImsoluvgLkPPsiwYc5J6mZ0oyR9UQ5AHQvh4Yrmc3AdJOr6Sq7IRkXNba2mWVbkgmQXYZGJK8FmN3b4vRYpSBLRy-Mz_XTZWAwuuR-R_FKZdhf5M_IFeY7OsFksAhBT_9rAhHPGpWUWh1EyIydAemLNxFm4kLIZLwt5YEMO21dVOhLDblAU2x2Gid6a9CXDuV61TAtpAJD9yU_lWyj7SSQGvUpOuK6R-6_VdfAA&amp;__tn__=%2ANK-R\"><strong>#MIANESULPALCO<\/strong><\/a><strong>\u00a02019<\/strong><\/h2>\n\n\n\n<h3 class=\"wp-block-heading\" style=\"text-align:center\"><strong>info e prenotazioni: <br>lacontradateatro@gmail.com \u2013 3337795006<br>info@nugaeteatrali.it \u2013 3405797086<\/strong> <\/h3>\n\n\n\n<h3 class=\"wp-block-heading\" style=\"text-align:center\"><strong>PRIMO SPETTACOLO IN RASSEGNA!!! SABATO 09 MARZO 2019 ORE 21<\/strong><\/h3>\n\n\n\n<h3 class=\"wp-block-heading\" style=\"text-align:center\"> <br><a href=\"https:\/\/www.facebook.com\/TeatroRoncade\/?__tn__=K-R&amp;eid=ARDRD0qn1mIbYA3bRZcVgLLlMXnCFVoOg4_Cgd68NnjkKH7rNhHNyBT-wHy_ZTGHr5lXRQA1lwY73ne6&amp;fref=mentions&amp;__xts__%5B0%5D=68.ARDc7-8A_3iJeRPnQQoiD4dtrD5WElH572d0OyyEOa71QvvPYeIKxt9FdQ03SFRi_qYZq7DUoBUwudVa04gIP7SoN2mpxFO2E3s9sXWagARwgQcfNvJDNHoHsGBMCikxQq672bHqaUe14SD0twG4hBqO6UN32z6R6xOAQQcXbUwja_PuuVLGEI9OMtIbISi2o5R7GF1Rh18ZL_KItDXl66AJt7ydTMlfpZAynKaJVaTqfFERX-RFND6VUwPbVYDT75ZOTA6fO2bNOJxJIt5KN8rhFJCDXZeimChJuS0dEnUwwWi-1iYha1k-bFUMUJD60AX8\">TeatroRoncade<\/a>: \u201cOtto donne\u201d di R. Thomas<\/h3>\n\n\n\n<p>  <br>Commedia? Giallo? Noir? Dramma? C\u2019\u00e8 un po\u2019 di tutto nella vicenda di queste Otto donne che ruotano intorno alla vita del padrone di casa, Marcel, trovato morto nella propria camera da letto, mentre tutta la famiglia si stava preparando per festeggiare il Natale. La Moglie, le Figlie, la Cameriera, la Governante, la Cognata, la Suocera, la Sorella\u2026 tutte hanno un movente! Ma una forte nevicata e i fili del telefono tagliati impediscono ogni contatto con l&#8217;esterno. Bloccate in casa, sono costrette a fronteggiarsi e giustificarsi le une con le altre. Una serra di fiori che si riveleranno per lo pi\u00f9 carnivori, una sorta di convento di clausura nel quale rancori e rivalit\u00e0 si rivelano attraverso stilettate dolci e letali. Come spesso accade nella vita, un evento cruento svela la fragilit\u00e0 di un groviglio di rapporti interpersonali. L\u2019intrigo giallo si frantuma sotto il peso dei silenzi e dei sottintesi non meno che delle incessanti rivelazioni. Regnano il sospetto e la diffidenza\u2026 Le ore passano, le ipotesi si susseguono\u2026 Un finale a sorpresa, un mistero tutto da scoprire e da seguire attraverso bugie, segreti celati e svelati, che trasmettono allo spettatore un turbinio di alternanti emozioni comiche, grottesche, drammatiche. <\/p>\n\n\n\n<p>Biglietto prezzo unico \u20ac7<br>Gratuito fino ai 10 anni<br>Abbonamento per 5 serate \u20ac25<\/p>\n\n\n\n<p>Organizzazione a cura di&nbsp;<a href=\"https:\/\/www.facebook.com\/nugaeteatrali\/?__tn__=K-R&amp;eid=ARBgoHzSkJQb1hWIU20OOrzCtG5ejTc78seIxfxVDxdGAkEkUvE_0ZBSfKxHAFd73glbm23TF1cSvkzT&amp;fref=mentions&amp;__xts__%5B0%5D=68.ARDc7-8A_3iJeRPnQQoiD4dtrD5WElH572d0OyyEOa71QvvPYeIKxt9FdQ03SFRi_qYZq7DUoBUwudVa04gIP7SoN2mpxFO2E3s9sXWagARwgQcfNvJDNHoHsGBMCikxQq672bHqaUe14SD0twG4hBqO6UN32z6R6xOAQQcXbUwja_PuuVLGEI9OMtIbISi2o5R7GF1Rh18ZL_KItDXl66AJt7ydTMlfpZAynKaJVaTqfFERX-RFND6VUwPbVYDT75ZOTA6fO2bNOJxJIt5KN8rhFJCDXZeimChJuS0dEnUwwWi-1iYha1k-bFUMUJD60AX8\">Associazione Teatrale Amatoriale \u201cNugae Teatrali\u201d<\/a>e&nbsp;<a href=\"https:\/\/www.facebook.com\/lacontradateatro\/?__tn__=K-R&amp;eid=ARBsLmIWgIXIe1OMDqRQlYBZedakG25xTlZYsdG8Y89djlUjNPbmmAnk4B2pa_CpR0LHqnOO1mlF6ZUg&amp;fref=mentions&amp;__xts__%5B0%5D=68.ARDc7-8A_3iJeRPnQQoiD4dtrD5WElH572d0OyyEOa71QvvPYeIKxt9FdQ03SFRi_qYZq7DUoBUwudVa04gIP7SoN2mpxFO2E3s9sXWagARwgQcfNvJDNHoHsGBMCikxQq672bHqaUe14SD0twG4hBqO6UN32z6R6xOAQQcXbUwja_PuuVLGEI9OMtIbISi2o5R7GF1Rh18ZL_KItDXl66AJt7ydTMlfpZAynKaJVaTqfFERX-RFND6VUwPbVYDT75ZOTA6fO2bNOJxJIt5KN8rhFJCDXZeimChJuS0dEnUwwWi-1iYha1k-bFUMUJD60AX8\">Compagnia Teatrale La Contrada<\/a><\/p>\n","protected":false},"excerpt":{"rendered":"<p>#MIANESULPALCO\u00a02019 info e prenotazioni: lacontradateatro@gmail.com \u2013 3337795006info@nugaeteatrali.it \u2013 3405797086 PRIMO SPETTACOLO IN RASSEGNA!!! SABATO 09 MARZO 2019 ORE 21 TeatroRoncade: \u201cOtto donne\u201d di R. Thomas Commedia? Giallo? Noir? Dramma? C\u2019\u00e8 un po\u2019 di tutto nella &hellip;<\/p>\n","protected":false},"author":1,"featured_media":381,"comment_status":"closed","ping_status":"closed","sticky":false,"template":"","format":"standard","meta":{"_exactmetrics_skip_tracking":false,"_exactmetrics_sitenote_active":false,"_exactmetrics_sitenote_note":"","_exactmetrics_sitenote_category":0,"jetpack_post_was_ever_published":false,"_jetpack_newsletter_access":"","_jetpack_dont_email_post_to_subs":false,"_jetpack_newsletter_tier_id":0,"_jetpack_memberships_contains_paywalled_content":false,"_jetpack_memberships_contains_paid_content":false,"footnotes":"","jetpack_publicize_message":"","jetpack_publicize_feature_enabled":true,"jetpack_social_post_already_shared":true,"jetpack_social_options":{"image_generator_settings":{"template":"highway","default_image_id":0,"font":"","enabled":false},"version":2}},"categories":[5],"tags":[],"class_list":["post-380","post","type-post","status-publish","format-standard","has-post-thumbnail","hentry","category-news"],"jetpack_publicize_connections":[],"jetpack_featured_media_url":"https:\/\/nugaeteatrali.it\/wp-content\/uploads\/2019\/03\/image.jpg","jetpack_sharing_enabled":true,"jetpack_shortlink":"https:\/\/wp.me\/p9BOKT-68","_links":{"self":[{"href":"https:\/\/nugaeteatrali.it\/index.php?rest_route=\/wp\/v2\/posts\/380","targetHints":{"allow":["GET"]}}],"collection":[{"href":"https:\/\/nugaeteatrali.it\/index.php?rest_route=\/wp\/v2\/posts"}],"about":[{"href":"https:\/\/nugaeteatrali.it\/index.php?rest_route=\/wp\/v2\/types\/post"}],"author":[{"embeddable":true,"href":"https:\/\/nugaeteatrali.it\/index.php?rest_route=\/wp\/v2\/users\/1"}],"replies":[{"embeddable":true,"href":"https:\/\/nugaeteatrali.it\/index.php?rest_route=%2Fwp%2Fv2%2Fcomments&post=380"}],"version-history":[{"count":2,"href":"https:\/\/nugaeteatrali.it\/index.php?rest_route=\/wp\/v2\/posts\/380\/revisions"}],"predecessor-version":[{"id":383,"href":"https:\/\/nugaeteatrali.it\/index.php?rest_route=\/wp\/v2\/posts\/380\/revisions\/383"}],"wp:featuredmedia":[{"embeddable":true,"href":"https:\/\/nugaeteatrali.it\/index.php?rest_route=\/wp\/v2\/media\/381"}],"wp:attachment":[{"href":"https:\/\/nugaeteatrali.it\/index.php?rest_route=%2Fwp%2Fv2%2Fmedia&parent=380"}],"wp:term":[{"taxonomy":"category","embeddable":true,"href":"https:\/\/nugaeteatrali.it\/index.php?rest_route=%2Fwp%2Fv2%2Fcategories&post=380"},{"taxonomy":"post_tag","embeddable":true,"href":"https:\/\/nugaeteatrali.it\/index.php?rest_route=%2Fwp%2Fv2%2Ftags&post=380"}],"curies":[{"name":"wp","href":"https:\/\/api.w.org\/{rel}","templated":true}]}}