{"id":629,"date":"2021-03-25T21:50:07","date_gmt":"2021-03-25T20:50:07","guid":{"rendered":"https:\/\/nugaeteatrali.it\/?p=629"},"modified":"2021-03-25T21:53:16","modified_gmt":"2021-03-25T20:53:16","slug":"dantesca-2021-le-nugae-ci-sono","status":"publish","type":"post","link":"https:\/\/nugaeteatrali.it\/?p=629","title":{"rendered":"DANTESCA 2021, le Nugae ci sono!"},"content":{"rendered":"<p><span style=\"color: #000000;\">\u00c8 l&#8217;ora di &#8220;Dantesca 2021&#8221;, la tre-giorni dedicata a Dante, nel settimo centenario della morte, per iniziativa del Comitato regionale veneto della Federazione Italiana Teatro Amatori, che da gioved\u00ec 25 (il &#8220;DanteD\u00ec&#8221;) a sabato 27 marzo (Giornata mondiale del Teatro) vedr\u00e0 la messa in onda di dieci canti della Divina Commedia, affidati alla lettura condivisa di ben 195 fra attrici e attori iscritti a FITA Veneto.<\/span><\/p>\n<p><span style=\"color: #000000;\">Dieci i canti della Divina Commedia affidati alla lettura: il I, il V, il XXVI e il XXXIII dell&#8217;Inferno, online gioved\u00ec 25; il I, il V e il VI del Purgatorio, online venerd\u00ec 26; il X, il XXX e il XXXIII del Paradiso, online sabato 27. Ciascun canto \u00e8 stato diviso in gruppi di terzine, assegnati per sorteggio ai singoli partecipanti.<\/span><\/p>\n<p><span style=\"color: #000000;\">A &#8220;Dantesca&#8221; hanno partecipato 37 iscritti FITA Veneto di Padova, 36 di Rovigo, 28 di Treviso, 21 di Venezia, 23 di Verona e 50 di Vicenza: 195 fra attrici e attori, in rappresentanza complessivamente di 43 compagnie venete della Federazione Italiana Teatro Amatori.<\/span><\/p>\n<blockquote>\n<p><strong><span style=\"color: #000000;\">La Associazione Teatrale Amatoriale Nugae Teatrali ha collaborato con ben 9 attori! <\/span><\/strong><\/p>\n<p><strong><span style=\"color: #000000;\">Un vero orgoglio essere parte di questa iniziativa targata #FITA.<\/span><\/strong><\/p>\n<p><strong><span style=\"color: #000000;\">Celebriamo Dante assieme! #FITA #FITAVeneto #FITATreviso #DanteD\u00ec<\/span><\/strong><\/p>\n<\/blockquote>\n<p><a href=\"http:\/\/www.fitaveneto.org\/2011\/fita-veneto\/2509-dantesca-di-fita-veneto-dal-25-al-27-marzo-su-facebook-e-youtube\">http:\/\/www.fitaveneto.org\/2011\/fita-veneto\/2509-dantesca-di-fita-veneto-dal-25-al-27-marzo-su-facebook-e-youtube<\/a><\/p>\n<p><a href=\"http:\/\/www.fitaveneto.org\/2011\/eventi-speciali-fita-veneto\/dantesca-2021\">http:\/\/www.fitaveneto.org\/2011\/eventi-speciali-fita-veneto\/dantesca-2021<\/a><\/p>\n<p><span style=\"color: #000000;\">Qui di seguito il link youtube del Canto V cui abbiamo partecipato!\u00a0<\/span><\/p>\n<p><span class=\"embed-youtube\" style=\"text-align:center; display: block;\"><iframe loading=\"lazy\" class=\"youtube-player\" width=\"1082\" height=\"609\" src=\"https:\/\/www.youtube.com\/embed\/d93NEu_eweE?version=3&#038;rel=1&#038;showsearch=0&#038;showinfo=1&#038;iv_load_policy=1&#038;fs=1&#038;hl=it-IT&#038;autohide=2&#038;wmode=transparent\" allowfullscreen=\"true\" style=\"border:0;\" sandbox=\"allow-scripts allow-same-origin allow-popups allow-presentation allow-popups-to-escape-sandbox\"><\/iframe><\/span><\/p>\n<p>\u00a0<\/p>\n\n","protected":false},"excerpt":{"rendered":"<p>\u00c8 l&#8217;ora di &#8220;Dantesca 2021&#8221;, la tre-giorni dedicata a Dante, nel settimo centenario della morte, per iniziativa del Comitato regionale veneto della Federazione Italiana Teatro Amatori, che da gioved\u00ec 25 (il &#8220;DanteD\u00ec&#8221;) a sabato 27 &hellip;<\/p>\n","protected":false},"author":1,"featured_media":636,"comment_status":"closed","ping_status":"closed","sticky":false,"template":"","format":"standard","meta":{"_exactmetrics_skip_tracking":false,"_exactmetrics_sitenote_active":false,"_exactmetrics_sitenote_note":"","_exactmetrics_sitenote_category":0,"jetpack_post_was_ever_published":false,"_jetpack_newsletter_access":"","_jetpack_dont_email_post_to_subs":false,"_jetpack_newsletter_tier_id":0,"_jetpack_memberships_contains_paywalled_content":false,"_jetpack_memberships_contains_paid_content":false,"footnotes":"","jetpack_publicize_message":"","jetpack_publicize_feature_enabled":true,"jetpack_social_post_already_shared":true,"jetpack_social_options":{"image_generator_settings":{"template":"highway","default_image_id":0,"font":"","enabled":false},"version":2}},"categories":[5],"tags":[],"class_list":["post-629","post","type-post","status-publish","format-standard","has-post-thumbnail","hentry","category-news"],"jetpack_publicize_connections":[],"jetpack_featured_media_url":"https:\/\/nugaeteatrali.it\/wp-content\/uploads\/2021\/03\/banner_dantesca_550.png","jetpack_sharing_enabled":true,"jetpack_shortlink":"https:\/\/wp.me\/p9BOKT-a9","_links":{"self":[{"href":"https:\/\/nugaeteatrali.it\/index.php?rest_route=\/wp\/v2\/posts\/629","targetHints":{"allow":["GET"]}}],"collection":[{"href":"https:\/\/nugaeteatrali.it\/index.php?rest_route=\/wp\/v2\/posts"}],"about":[{"href":"https:\/\/nugaeteatrali.it\/index.php?rest_route=\/wp\/v2\/types\/post"}],"author":[{"embeddable":true,"href":"https:\/\/nugaeteatrali.it\/index.php?rest_route=\/wp\/v2\/users\/1"}],"replies":[{"embeddable":true,"href":"https:\/\/nugaeteatrali.it\/index.php?rest_route=%2Fwp%2Fv2%2Fcomments&post=629"}],"version-history":[{"count":8,"href":"https:\/\/nugaeteatrali.it\/index.php?rest_route=\/wp\/v2\/posts\/629\/revisions"}],"predecessor-version":[{"id":638,"href":"https:\/\/nugaeteatrali.it\/index.php?rest_route=\/wp\/v2\/posts\/629\/revisions\/638"}],"wp:featuredmedia":[{"embeddable":true,"href":"https:\/\/nugaeteatrali.it\/index.php?rest_route=\/wp\/v2\/media\/636"}],"wp:attachment":[{"href":"https:\/\/nugaeteatrali.it\/index.php?rest_route=%2Fwp%2Fv2%2Fmedia&parent=629"}],"wp:term":[{"taxonomy":"category","embeddable":true,"href":"https:\/\/nugaeteatrali.it\/index.php?rest_route=%2Fwp%2Fv2%2Fcategories&post=629"},{"taxonomy":"post_tag","embeddable":true,"href":"https:\/\/nugaeteatrali.it\/index.php?rest_route=%2Fwp%2Fv2%2Ftags&post=629"}],"curies":[{"name":"wp","href":"https:\/\/api.w.org\/{rel}","templated":true}]}}